{"id":187,"date":"2021-10-09T08:40:28","date_gmt":"2021-10-09T08:40:28","guid":{"rendered":"https:\/\/amigosdelcentenillo.org\/?p=187"},"modified":"2021-10-09T08:43:59","modified_gmt":"2021-10-09T08:43:59","slug":"tres-razones-para-conmemorar-el-9-de-octubre-de-2021","status":"publish","type":"post","link":"https:\/\/amigosdelcentenillo.org\/?p=187","title":{"rendered":"TRES RAZONES PARA CONMEMORAR EL 9 DE OCTUBRE DE 2021"},"content":{"rendered":"\n<p><\/p>\n\n\n\n<p>En la historia no solo de un pueblo, sino m\u00e1s bien de un territorio, a\u00fan ligado de forma inequ\u00edvoca a una clara y predominante actividad, la minera, es dif\u00edcil encontrar alguna fecha entre las que componen una compleja, sino fren\u00e9tica actividad burocr\u00e1tica que precede y acompa\u00f1a al desarrollo de dicho territorio, de una identidad, de una empresa tan grande como lleg\u00f3 a ser y que dio como origen a un pueblo como es El Centenillo.<\/p>\n\n\n\n<p>Hoy d\u00eda 9 de octubre de 2021, se conmemora una fecha no solo especial y significativa para la historia de El Centenillo, \u00fanica y dif\u00edcilmente repetible. Precisamente una fecha donde acontecimientos de hace 154 a\u00f1os, de 100 a\u00f1os y otros que han de terminar se alinean de manera que m\u00e1s que nunca, es necesario echar una mirada al pasado, ojear el presente y encarar el futuro.<\/p>\n\n\n\n<p><strong>Primera raz\u00f3n<\/strong>, la firma de una reina.<\/p>\n\n\n\n<p>Un d\u00eda como hoy, pero de 1867 era concedido, por la Reina Isabel II los t\u00edtulos de propiedad de las concesiones mineras de lo que supondr\u00e1 el coto minero de El Centenillo. Seg\u00fan consta en el protocolo notarial n\u00famero 261, dado en 26 de Junio de 1869 en Linares, por el Notario Don Eufrasio Garrido y Ram\u00f3n, en el que se forma la primera sociedad minera para la explotaci\u00f3n minera del mencionado coto minero (Sociedad especial minera denominada Rio Grande) los s\u00fabditos ingleses don Juan Carlos English y Enrique Adolfo Haselden, ceden unas concesiones mineras para, en asociaci\u00f3n con otras personas (inversores unos, encargados otros), formar dicha Sociedad minera especial.<\/p>\n\n\n\n<p>En este protocolo es donde se incluyen los t\u00edtulos de propiedad que exhiben sus hasta entonces propietarios, donde adem\u00e1s se dan los datos de dichas concesiones. As\u00ed encontramos las primeras referencias para el establecimiento de la explotaci\u00f3n minera.<\/p>\n\n\n\n<figure class=\"wp-block-image size-large is-style-default\"><img loading=\"lazy\" decoding=\"async\" width=\"1024\" height=\"533\" src=\"https:\/\/amigosdelcentenillo.org\/wp-content\/uploads\/2021\/10\/SEM_RioGrande-1024x533.jpg\" alt=\"\" class=\"wp-image-189\" srcset=\"https:\/\/amigosdelcentenillo.org\/wp-content\/uploads\/2021\/10\/SEM_RioGrande-1024x533.jpg 1024w, https:\/\/amigosdelcentenillo.org\/wp-content\/uploads\/2021\/10\/SEM_RioGrande-300x156.jpg 300w, https:\/\/amigosdelcentenillo.org\/wp-content\/uploads\/2021\/10\/SEM_RioGrande-768x400.jpg 768w, https:\/\/amigosdelcentenillo.org\/wp-content\/uploads\/2021\/10\/SEM_RioGrande-1536x799.jpg 1536w, https:\/\/amigosdelcentenillo.org\/wp-content\/uploads\/2021\/10\/SEM_RioGrande-2048x1065.jpg 2048w\" sizes=\"auto, (max-width: 1024px) 100vw, 1024px\" \/><\/figure>\n\n\n\n<p><\/p>\n\n\n\n<p>&nbsp;Rescatando de la espesa y ardua escritura, y de diferentes documentos insertos en ella, encontramos y resumimos los datos referentes a dichas concesiones, todas sitas en Ba\u00f1os y en terrenos de los Sres. G\u00f3mez y MacPherson, de Sevilla<\/p>\n\n\n\n<p><em>\u2026dos pertenencias de la mina nombrada \u00abLa Cig\u00fce\u00f1a\u00bb. &#8230;, en la ladera de Rio Grande,<\/em><\/p>\n\n\n\n<p><em>\u2026dos pertenencias de la mina nombrada \u00abLa Graja\u00bb .. en el paraje llamado Cerro Lorente,<\/em><\/p>\n\n\n\n<p><em>\u2026dos pertenencias de la mina nombrada \u00bb El \u00c1guila \u00bb en el paraje llamado Cuerda del Toro..<\/em><\/p>\n\n\n\n<p>Poco m\u00e1s de un a\u00f1o despu\u00e9s, con una ley de minas reformada, es el gobernador civil de la provincia de Ja\u00e9n quien otorga a D. Enrique Adolfo Haselden mediante resoluci\u00f3n de 19 en enero de 1869 la concesi\u00f3n dos pertenencias mineras para la mina \u201cLa Copa\u201d y dos para la mina \u201cEl Vaso\u201d situadas en los parajes de \u201cCerro del Guindo\u201d y \u201cCielo Abierto \u201c respectivamente, ambos propiedad de don Luis Hern\u00e1ndez.<\/p>\n\n\n\n<p>Ambos unir\u00e1n sus intereses mineros creando junto con Carlos Remfry, Thomas Collyns, Conrad Herman R\u00f6mer, Pedro Oliva y Andr\u00e9s Gonz\u00e1lez Bravo, la Sociedad Especial Minera Rio Grande\u2026\u2026 cuyo objeto ser\u00eda precisamente \u201cel laboreo, explotaci\u00f3n y beneficio de las diez pertenencias de mina plomiza nombradas \u201cLa Cig\u00fce\u00f1a\u201d, \u201cLa Graja\u201d, \u201cEl \u00c1guila\u201d \u201cLa Copa\u201d y \u201cEl Vaso\u201d situadas en las laderas de Rio Grande, Cerro de Lorente, Cuerda del Toro, Cerro del Guindo y Cielo Abierto.<\/p>\n\n\n\n<p><strong>Segunda de las razones, 1921 \u2013 2021, <\/strong>100 a\u00f1os nos separan del nacimiento de \u201cMinas del Centenillo, S.A.\u201d<\/p>\n\n\n\n<p>Tras grandes esfuerzos, humanos y econ\u00f3micos, donde la \u201cSociedad especial minera\u201d por ampliaciones de capital, cambios en la fiscalidad y en las leyes,&nbsp; dar\u00e1n paso a la \u201cCentenillo Silver &amp; Lead Mines Company Limited\u201d y a la \u201cNew Centenillo Silver &amp; Lead Mines Company Limited, llega el a\u00f1o de 1921, cuando se produce el cambio m\u00e1s significativo en la denominaci\u00f3n de la empresa y su transformaci\u00f3n mercantil, pasando de New Centenillo Silver &amp; Lead Mines L.C. a \u201cMinas del Centenillo S.A.\u201d, abri\u00e9ndose el periodo de mayor esplendor y desarrollo de la empresa y por consiguiente del poblado.<\/p>\n\n\n\n<figure class=\"wp-block-image size-full is-style-default\"><img loading=\"lazy\" decoding=\"async\" width=\"728\" height=\"497\" src=\"https:\/\/amigosdelcentenillo.org\/wp-content\/uploads\/2021\/10\/Sello21.jpg\" alt=\"\" class=\"wp-image-190\" srcset=\"https:\/\/amigosdelcentenillo.org\/wp-content\/uploads\/2021\/10\/Sello21.jpg 728w, https:\/\/amigosdelcentenillo.org\/wp-content\/uploads\/2021\/10\/Sello21-300x205.jpg 300w\" sizes=\"auto, (max-width: 728px) 100vw, 728px\" \/><figcaption><em>Figura 2. Sello de transici\u00f3n entre ambas empresas<\/em><\/figcaption><\/figure>\n\n\n\n<p>Este es El Centenillo recordado, a\u00f1orado, guardado en la memoria colectiva como un tesoro que hace que los que tuvieron que marcharse aquel aciago d\u00eda de mediados de julio de 1963, siempre quisieran volver, en palabras de Manuel Mateo P\u00e9rez:<\/p>\n\n\n\n<p><strong>\u201c<\/strong><strong>El plomo hab\u00eda ca\u00eddo en desuso<\/strong>&nbsp;y los costes de explotaci\u00f3n eran cada d\u00eda mayores. El Centenillo corri\u00f3 la misma suerte que las minas de Linares y La Carolina. Acab\u00f3 de ese modo el mayor mito de la miner\u00eda del plomo en Espa\u00f1a\u201d.<\/p>\n\n\n\n<p><strong>La \u00faltima raz\u00f3n,<\/strong> una fecha para un cambio de era, 2021.<\/p>\n\n\n\n<p>Lo que paso despu\u00e9s del cierre\u2026 el desguace y el olvido\u2026 o no, porque de aquellos que vivieron la realidad de lo que El Centenillo supuso, muchos volvieron, convirti\u00e9ndose as\u00ed en el enlace entre aquella realidad a\u00f1orada y el presente.<\/p>\n\n\n\n<p>Fortalecido por una nueva \u201coleada\u201d, este pueblo, que recibe a los que vienen y se enamoran de el, que quieren disfrutarlo, trabajar aqu\u00ed, vivir sus vidas y traer a sus familias, bienvenidos siempre, este poblado en medio de Sierra Morena se reinventa, evoluciona, encara el futuro con esperanza, voluntad y determinaci\u00f3n a veces \u00e9pica, dejando atr\u00e1s el sambenito de \u201cabandonado\u201d e intentando luchar contra esa grave enfermedad que vienen a llamar la Espa\u00f1a vaciada.<\/p>\n\n\n\n<p>El a\u00f1o de 2021 ser\u00e1 sin duda un punto de inflexi\u00f3n, un hito en el camino, que con seguridad, a la vuelta de unos a\u00f1os, andado un arduo camino hacia el futuro, cuando echemos la vista atr\u00e1s, seremos conscientes y celebraremos que gracias a la lucha de un pueblo unido y el empecinamiento de unos cuantos, capitaneados por  nuestra versi\u00f3n femenina y empoderada de \u201cDavid contra Goliath\u00bb, ser\u00e1 un a\u00f1o a recordar. No nos queda la menor duda que el trabajo ser\u00e1 duro, algunos enemigos cambiar\u00e1n de nombre, de formas, pero seremos capaces de reconstruir nuestra identidad, nuestra historia y nuestro patrimonio, humano y cultural, haciendo honor al trabajo abnegado de aquellos mineros que dieron su vida por sacar a sus familias adelante mientras creaban, sin saberlo, el germen de lo que hoy es El Centenillo, un pueblo que fue, es y ser\u00e1 crisol de muchas culturas, vivencias y vidas.<\/p>\n\n\n\n<p>&nbsp;&nbsp;&nbsp;&nbsp;&nbsp;&nbsp;&nbsp;&nbsp;&nbsp;&nbsp;&nbsp; Por todo ello, estar\u00e1n de acuerdo con nosotros en que hay muchas razones para tener presente y celebrar este d\u00eda y tal vez, ver entre tantas posibles fechas, el 9 de octubre de 2021 como una fecha muy pero que muy especial.<\/p>\n\n\n\n<p><\/p>\n\n\n\n<p><\/p>\n\n\n\n<p><\/p>\n\n\n\n<p><\/p>\n\n\n\n<p class=\"has-small-font-size\">Autores: Alejandro Casas Crivill\u00e9 y Mar\u00eda Eugenia Rodr\u00edguez C\u00e1rdenas<\/p>\n","protected":false},"excerpt":{"rendered":"<p>En la historia no solo de un pueblo, sino m\u00e1s bien de un territorio, a\u00fan ligado de forma inequ\u00edvoca a una clara y predominante actividad, la minera, es dif\u00edcil encontrar alguna fecha entre las que componen una compleja, sino fren\u00e9tica &hellip; <a href=\"https:\/\/amigosdelcentenillo.org\/?p=187\">Sigue leyendo <span class=\"meta-nav\">&rarr;<\/span><\/a><\/p>\n","protected":false},"author":1,"featured_media":0,"comment_status":"open","ping_status":"closed","sticky":true,"template":"","format":"standard","meta":{"ngg_post_thumbnail":0,"footnotes":""},"categories":[1],"tags":[],"class_list":["post-187","post","type-post","status-publish","format-standard","hentry","category-uncategorized"],"_links":{"self":[{"href":"https:\/\/amigosdelcentenillo.org\/index.php?rest_route=\/wp\/v2\/posts\/187","targetHints":{"allow":["GET"]}}],"collection":[{"href":"https:\/\/amigosdelcentenillo.org\/index.php?rest_route=\/wp\/v2\/posts"}],"about":[{"href":"https:\/\/amigosdelcentenillo.org\/index.php?rest_route=\/wp\/v2\/types\/post"}],"author":[{"embeddable":true,"href":"https:\/\/amigosdelcentenillo.org\/index.php?rest_route=\/wp\/v2\/users\/1"}],"replies":[{"embeddable":true,"href":"https:\/\/amigosdelcentenillo.org\/index.php?rest_route=%2Fwp%2Fv2%2Fcomments&post=187"}],"version-history":[{"count":5,"href":"https:\/\/amigosdelcentenillo.org\/index.php?rest_route=\/wp\/v2\/posts\/187\/revisions"}],"predecessor-version":[{"id":194,"href":"https:\/\/amigosdelcentenillo.org\/index.php?rest_route=\/wp\/v2\/posts\/187\/revisions\/194"}],"wp:attachment":[{"href":"https:\/\/amigosdelcentenillo.org\/index.php?rest_route=%2Fwp%2Fv2%2Fmedia&parent=187"}],"wp:term":[{"taxonomy":"category","embeddable":true,"href":"https:\/\/amigosdelcentenillo.org\/index.php?rest_route=%2Fwp%2Fv2%2Fcategories&post=187"},{"taxonomy":"post_tag","embeddable":true,"href":"https:\/\/amigosdelcentenillo.org\/index.php?rest_route=%2Fwp%2Fv2%2Ftags&post=187"}],"curies":[{"name":"wp","href":"https:\/\/api.w.org\/{rel}","templated":true}]}}